{"id":1216,"date":"2022-03-06T11:32:43","date_gmt":"2022-03-06T09:32:43","guid":{"rendered":"https:\/\/deserteursberatung.at\/?p=1216"},"modified":"2022-03-06T11:32:45","modified_gmt":"2022-03-06T09:32:45","slug":"8-maerz-feministischer-kampf-und-streiktag-wir-streiken","status":"publish","type":"post","link":"https:\/\/deserteursberatung.at\/index.php\/2022\/03\/06\/8-maerz-feministischer-kampf-und-streiktag-wir-streiken\/","title":{"rendered":"8. M\u00e4rz feministischer Kampf- und Streiktag &#8211; wir streiken!"},"content":{"rendered":"\n<p>Wir solidarisieren uns mit allen f\u00fcr die dieser Tag ein Streik- und Kampftag ist und legen am 8. M\u00e4rz unsere Arbeit(en) nieder.<\/p>\n\n\n\n<p>Die Deserteurs- und Fl\u00fcchtlingsberatung ist am 8. M\u00e4rz daher nur eingeschr\u00e4nkt erreichbar.<\/p>\n\n\n\n<figure class=\"wp-block-image size-full\"><img loading=\"lazy\" decoding=\"async\" width=\"961\" height=\"630\" src=\"https:\/\/deserteursberatung.at\/wp-content\/uploads\/2021\/03\/fstreik_flyer.png\" alt=\"\" class=\"wp-image-1009\" srcset=\"https:\/\/deserteursberatung.at\/wp-content\/uploads\/2021\/03\/fstreik_flyer.png 961w, https:\/\/deserteursberatung.at\/wp-content\/uploads\/2021\/03\/fstreik_flyer-300x197.png 300w, https:\/\/deserteursberatung.at\/wp-content\/uploads\/2021\/03\/fstreik_flyer-768x503.png 768w\" sizes=\"auto, (max-width: 961px) 100vw, 961px\" \/><\/figure>\n\n\n\n<p><strong>Aus der Einladung der Kolleg:innen der Autonomen Basisvernetzung Bildung und\u00a0Soziales:<\/strong><\/p>\n\n\n\n<p>Hiermit m\u00f6chten wir euch dazu einladen, am 8. M\u00e4rz den internationalen feministischen Kampftag in euren Betrieb und von da aus auf die Stra\u00dfe zu tragen.<\/p>\n\n\n\n<p>Warum am 8. M\u00e4rz k\u00e4mpfen?<br>&#8211; Wir erleben tagt\u00e4glich die strukturelle Abwertung unserer Arbeit in einer m\u00e4nnerdominierten und kapitalistischen Gesellschaft.<br>&#8211; Wir sind konfrontiert mit Erwartungen an unsere Arbeitsrolle, die unseren Vorstellungen einer unterst\u00fctzenden Begleitung Anderer nicht entsprechen, sondern vielmehr einer Verwaltung der Armut und strukturellen Schlechterstellung vieler Menschen gleichkommt.<br>&#8211; Wir schaffen viel mit wenig Ressourcen, arbeiten oftmals unter gro\u00dfem Zeitdruck unter schwierigen Bedingungen &#8211; im Alltag vereinzelt gelingt es uns oftmals nicht, Verbesserungen einzufordern &#8211; so beuten wir uns weiter selbst aus, um unseren Anspr\u00fcchen gerecht zu werden.<\/p>\n\n\n\n<p>Nichtsdestotrotz bilden wir im Betrieb und in unserer t\u00e4glichen Arbeit mit Menschen Banden und solidarische Zusammenh\u00e4nge, um uns f\u00fcr bessere Arbeitsbedingungen einzusetzen. Das schaffen wir, indem wir nicht nur Andere, sondern auch uns selbst in einer prekarisierten Arbeitswelt verorten und uns dem Paradigma entgegenstellen, unsere Forderungen seien vermessen, \u00fcbertrieben oder fehl am Platz.<\/p>\n\n\n\n<p>Wohin am 8. M\u00e4rz?<br>Auch dieses Jahr wird es am 8. M\u00e4rz am (ehemaligen) Karlsplatz Raum f\u00fcr Austausch und Vernetzung geben. Feministische Kollektive und Initiativen werden mit verschiedenen Programmpunkten vor Ort sein und es wird eine Kinderbetreuung geben.<br>Wir laden euch dazu ein, diesen Raum zwischen 14 und 18 Uhr f\u00fcr Betriebsversammlungen im \u00f6ffentlichen Raum zu nutzen. Nat\u00fcrlich seid ihr auch ohne Betriebsversammlungen herzlich willkommen vorbeizuschauen, um euch mit Kolleg_innen auszutauschen und euch dem Protest anzuschlie\u00dfen &#8211; Feministischer Streik kann vielf\u00e4ltig aussehen.<\/p>\n\n\n\n<p>Das vorl\u00e4ufige Programm f\u00fcr den 8. M\u00e4rz am (ehemaligen) Karlsplatz:<\/p>\n\n\n\n<p>ab 14:00 Zusammenkommen, Infost\u00e4nde, Austausch, Kinderbetreuung, Banner malen, T\u00fccher bedrucken, uvm.<\/p>\n\n\n\n<p>14:30 Paneldiskussion: Abortion should be in our hands and in our hands only! (Englisch\/Deutsch)<\/p>\n\n\n\n<p>ab 15:30 Offenes Mikrophonmit Performances, Liedern, Reden und Berichten von feministischer Praxis<\/p>\n\n\n\n<p>16:30 &#8222;Canci\u00f3n sin miedo\/Lied ohne Angst&#8220;, Probe Las Tesis Performance und gemeinsamer Demozug zur TBTS Demo als Bloco Descolonial <\/p>\n\n\n\n<p>ab 17:00 gemeinsames Ausklingen lassen am ehem. Karlsplatz<\/p>\n\n\n\n<p>17:00 Treffpunkt Wien Mitte zur Take Back The Streets Demo und Kundgebung zum internationalen feministischen Kampftag am 8. M\u00e4rz 2022. Aktuelle Infos am Demotag selber unter: <a rel=\"noreferrer noopener\" href=\"https:\/\/l.facebook.com\/l.php?u=https%3A%2F%2Ftwitter.com%2Ftakeback8m%2F&amp;h=AT01gOLd9F84RDXijJZGQwnA8RO0-fpTNH2Z4Wv2rwFo-qJbNLWywXgAiF2WW30IPAc-n93tjKWs68iK8rvtqLazl1sjhCrwq2M9vrdwj3Zhcj6gbQxwXBINQ1cdeqm6LTL_nDQPO48YrvM2GYUGmkqiOWdx\" target=\"_blank\">https:\/\/twitter.com\/takeback8m\/<\/a> und <a rel=\"noreferrer noopener\" href=\"https:\/\/www.facebook.com\/hashtag\/w0803?__eep__=6\" target=\"_blank\">#w0803<\/a><\/p>\n\n\n\n<p>Alle Infos und Veranstaltungen rund um den 8. M\u00e4rz findet ihr hier: https:\/\/8maerz.at\/<\/p>\n","protected":false},"excerpt":{"rendered":"<p>Wir solidarisieren uns mit allen f\u00fcr die dieser Tag ein Streik- und Kampftag ist und <a class=\"more-link\" href=\"https:\/\/deserteursberatung.at\/index.php\/2022\/03\/06\/8-maerz-feministischer-kampf-und-streiktag-wir-streiken\/\">weiterlesen&#8230;<\/a><\/p>\n","protected":false},"author":2,"featured_media":1217,"comment_status":"closed","ping_status":"open","sticky":false,"template":"","format":"standard","meta":{"footnotes":""},"categories":[1],"tags":[],"class_list":["post-1216","post","type-post","status-publish","format-standard","has-post-thumbnail","hentry","category-uncategorized"],"_links":{"self":[{"href":"https:\/\/deserteursberatung.at\/index.php\/wp-json\/wp\/v2\/posts\/1216","targetHints":{"allow":["GET"]}}],"collection":[{"href":"https:\/\/deserteursberatung.at\/index.php\/wp-json\/wp\/v2\/posts"}],"about":[{"href":"https:\/\/deserteursberatung.at\/index.php\/wp-json\/wp\/v2\/types\/post"}],"author":[{"embeddable":true,"href":"https:\/\/deserteursberatung.at\/index.php\/wp-json\/wp\/v2\/users\/2"}],"replies":[{"embeddable":true,"href":"https:\/\/deserteursberatung.at\/index.php\/wp-json\/wp\/v2\/comments?post=1216"}],"version-history":[{"count":2,"href":"https:\/\/deserteursberatung.at\/index.php\/wp-json\/wp\/v2\/posts\/1216\/revisions"}],"predecessor-version":[{"id":1221,"href":"https:\/\/deserteursberatung.at\/index.php\/wp-json\/wp\/v2\/posts\/1216\/revisions\/1221"}],"wp:featuredmedia":[{"embeddable":true,"href":"https:\/\/deserteursberatung.at\/index.php\/wp-json\/wp\/v2\/media\/1217"}],"wp:attachment":[{"href":"https:\/\/deserteursberatung.at\/index.php\/wp-json\/wp\/v2\/media?parent=1216"}],"wp:term":[{"taxonomy":"category","embeddable":true,"href":"https:\/\/deserteursberatung.at\/index.php\/wp-json\/wp\/v2\/categories?post=1216"},{"taxonomy":"post_tag","embeddable":true,"href":"https:\/\/deserteursberatung.at\/index.php\/wp-json\/wp\/v2\/tags?post=1216"}],"curies":[{"name":"wp","href":"https:\/\/api.w.org\/{rel}","templated":true}]}}